{"id":742,"date":"2023-01-25T11:29:06","date_gmt":"2023-01-25T10:29:06","guid":{"rendered":"https:\/\/levitalehnice.sk\/?p=742"},"modified":"2023-01-25T11:33:19","modified_gmt":"2023-01-25T10:33:19","slug":"71-leggyakoribb-kerdes-es-valasz-a-stroke-rol","status":"publish","type":"post","link":"https:\/\/levitalehnice.sk\/hu\/blog\/71-leggyakoribb-kerdes-es-valasz-a-stroke-rol\/","title":{"rendered":"7+1 LEGGYAKORIBB K\u00c9RD\u00c9S \u00c9S V\u00c1LASZ A STROKE-R\u00d3L<\/strong>"},"content":{"rendered":"<p><strong>Mi az a stroke?<\/strong><\/p>\n<p>A test\u00fcnk t\u00f6bbi szerv\u00e9hez hasonl\u00f3an az agynak is elegend\u0151 oxig\u00e9nre van sz\u00fcks\u00e9ge ahhoz, hogy megfelel\u0151en \u00e9s zavartalanul m\u0171k\u00f6dj\u00f6n. A stroke, m\u00e1s n\u00e9ven agyv\u00e9rz\u00e9s olyan \u00e9letvesz\u00e9lyes \u00e1llapot, amelyet leggyakrabban egy \u00e9r elz\u00e1r\u00f3d\u00e1sa, az agyi art\u00e9ri\u00e1k besz\u0171k\u00fcl\u00e9se vagy a kett\u0151 kombin\u00e1ci\u00f3ja okoz. Az agysz\u00f6vet rendk\u00edv\u00fcl \u00e9rz\u00e9keny az oxig\u00e9nhi\u00e1nyra. Ha a v\u00e9rell\u00e1t\u00e1s korl\u00e1toz\u00f3dik vagy megsz\u0171nik, az agy k\u00e1rosodik, \u00e9s az agysejtek elhalnak. A stroke ritk\u00e1bb oka az agyv\u00e9rz\u00e9s. A v\u00e9rz\u00e9st \u00e1ltal\u00e1ban egy \u00e9r megreped\u00e9se okozza, leggyakrabban kezeletlen magas v\u00e9rnyom\u00e1s eset\u00e9n.<\/p>\n<p><strong>Mik a figyelmeztet\u0151 jelek?<\/strong><\/p>\n<p>A stroke figyelmeztet\u0151 jelei \u00f6n\u00e1ll\u00f3an vagy egy\u00fcttesen is jelentkezhetnek. Egyes t\u00fcnetek az agyi v\u00e9r\u00e1raml\u00e1s rejtett probl\u00e9m\u00e1ira h\u00edvhatj\u00e1k fel a figyelmet, \u00e9s ezek a jelek \u00e9szrev\u00e9tlen\u00fcl vagy figyelmen k\u00edv\u00fcl hagyva visszaford\u00edthatatlan k\u00e1rosod\u00e1shoz vezethetnek. A leggyakoribb t\u00fcnetek: a test egyik fel\u00e9nek hirtelen gyenges\u00e9ge, besz\u00e9dzavar, hirtelen \u00e9s er\u0151s fejf\u00e1j\u00e1s, l\u00e1t\u00e1szavar, a sz\u00e1jsz\u00f6glet lecs\u00fcng\u00e9se, egyens\u00falyzavarok, \u00e1llni \u00e9s j\u00e1rni k\u00e9ptelens\u00e9g.<\/p>\n<p><strong>Mi\u00e9rt olyan jelent\u0151s a s\u00fcrg\u0151ss\u00e9gi k\u00f3rh\u00e1zi kezel\u00e9s?<\/strong><\/p>\n<p>Az id\u0151 kulcsfontoss\u00e1g\u00fa szerepet j\u00e1tszik a\u00a0stroke eset\u00e9n. A szak\u00e9rt\u0151k egyet\u00e9rtenek abban, hogy a korai k\u00f3rh\u00e1zi kezel\u00e9s \u00e9s a megfelel\u0151en kiv\u00e1lasztott ter\u00e1pia megmentheti az ember \u00e9let\u00e9t \u00e9s jelent\u0151sen jav\u00edthatja eg\u00e9szs\u00e9gi \u00e1llapot\u00e1t. Egyes gy\u00f3gyszerek m\u00e1r \u00f3r\u00e1kkal a stroke ut\u00e1n is adhat\u00f3k, p\u00e9ld\u00e1ul a v\u00e9rr\u00f6g felold\u00e1s\u00e1ra \u00e9s a kering\u00e9s helyre\u00e1ll\u00edt\u00e1s\u00e1ra szolg\u00e1l\u00f3 gy\u00f3gyszerek. Az agyv\u00e9rz\u00e9s egyes eseteiben a korai seb\u00e9szeti kezel\u00e9s \u00e9letment\u0151 lehet.<\/p>\n<p><strong>Milyen k\u00f6vetkezm\u00e9nyei vannak a stroke-nak?<\/strong><\/p>\n<p>Az agyk\u00e1rosod\u00e1s jelent\u0151s hat\u00e1ssal lehet a mobilit\u00e1sra, az er\u0151re, a stabilit\u00e1sra, a koordin\u00e1ci\u00f3ra, a besz\u00e9dre, a mem\u00f3ri\u00e1ra, az \u00e9rz\u00e9kel\u00e9sre, a hangulatra \u00e9s m\u00e9g sok m\u00e1sra. Dr. Valery Feigin szerint a betegek 80%-\u00e1n\u00e1l a test egyik fel\u00e9nek mozg\u00e9konys\u00e1ga \u00e9s ereje r\u00e9szben vagy teljesen elveszik, az \u00e9rintettek 70%-\u00e1n\u00e1l hangulati zavarok l\u00e9pnek fel, \u00e9s k\u00f6r\u00fclbel\u00fcl 20%-ukn\u00e1l f\u00e1jdalom jelentkezik a v\u00e1llban.<\/p>\n<p><strong>Van rem\u00e9ny a gy\u00f3gyul\u00e1sra?<\/strong><\/p>\n<p>A stroke ut\u00e1ni fel\u00e9p\u00fcl\u00e9s hossz\u00fa folyamat. Ezt sz\u00e1mos t\u00e9nyez\u0151 befoly\u00e1solja, p\u00e9ld\u00e1ul a stroke t\u00edpusa, annak helye vagy a beteg motiv\u00e1ci\u00f3ja. A beteg \u00e1llapota hossz\u00fa t\u00e1von javulhat a j\u00f3l megtervezett rehabilit\u00e1ci\u00f3val, a legjelent\u0151sebb gy\u00f3gyul\u00e1s a\u00a0stroke-ot k\u00f6vet\u0151 els\u0151 n\u00e9h\u00e1ny \u00e9vben \u00e9rhet\u0151 el. \u00c9rv\u00e9nyes, hogy a mozg\u00e1sk\u00e9pess\u00e9g\u00fcket teljesen elvesztett betegek \u00e1ltal\u00e1ban hosszabb id\u0151 alatt \u00e9p\u00fclnek fel, mint a kev\u00e9sb\u00e9 \u00e9rintett betegek. Egyes vil\u00e1gm\u00e9ret\u0171 tanulm\u00e1nyok szerint a hagyom\u00e1nyos rehabilit\u00e1ci\u00f3 \u00e9s az assziszt\u00e1lt robottechnol\u00f3gia kombin\u00e1ci\u00f3ja jobb hat\u00e1st fejt ki a betegek sz\u00e1m\u00e1ra, mint a hagyom\u00e1nyos rehabilit\u00e1ci\u00f3 \u00f6nmag\u00e1ban.<\/p>\n<p><strong>Mikor kell elkezdeni az orvosi rehabilit\u00e1ci\u00f3t?<\/strong><\/p>\n<p>Amint a beteg \u00e1llapota lehet\u0151v\u00e9 teszi. Legk\u00e9s\u0151bb azonban, amint a beteg kiker\u00fcl a k\u00f3rh\u00e1zb\u00f3l. Az orvosi rehabilit\u00e1ci\u00f3 az eg\u00e9szs\u00e9g\u00fcgyi ell\u00e1t\u00e1s szerves r\u00e9sz\u00e9t k\u00e9pezi. Ha a gondoz\u00e1s j\u00f3l koordin\u00e1lt, akkor a beteg a lehet\u0151 legnagyobb f\u00fcggetlens\u00e9get \u00e9s \u00f6n\u00e1ll\u00f3s\u00e1got \u00e9ri el. A beteg \u00e9letmin\u0151s\u00e9g\u00e9nek jav\u00edt\u00e1s\u00e1ban egy FBLR-orvos (Fizioter\u00e1pia, balneol\u00f3gia \u00e9s orvosi rehabilit\u00e1ci\u00f3) \u00e1ltal vezetett szakemberekb\u0151l \u00e1ll\u00f3 csapat vesz r\u00e9szt. A rehabilit\u00e1ci\u00f3t azonnal meg kell kezdeni, \u00e1ltal\u00e1ban az intenz\u00edv oszt\u00e1lyon vagy a neurol\u00f3giai oszt\u00e1lyon t\u00f6rt\u00e9n\u0151 k\u00f3rh\u00e1zi kezel\u00e9s alatt.<\/p>\n<p><strong>Hogyan tov\u00e1bb a k\u00f3rh\u00e1zi kezel\u00e9s ut\u00e1n?<\/strong><\/p>\n<p>A k\u00f3rh\u00e1zb\u00f3l val\u00f3 elbocs\u00e1t\u00e1s ut\u00e1n a betegnek lehet\u0151s\u00e9ge van arra, hogy a rehabilit\u00e1ci\u00f3t j\u00e1r\u00f3beteg-ell\u00e1t\u00e1s keret\u00e9ben folytassa. Jogosult ism\u00e9telten k\u00e9rni orvos\u00e1t\u00f3l a rehabilit\u00e1ci\u00f3s \u00e9s gy\u00f3gyf\u00fcrd\u0151-kezel\u00e9s indik\u00e1ci\u00f3j\u00e1t. Min\u00e9l intenz\u00edvebb a neurorehabilit\u00e1ci\u00f3, ann\u00e1l val\u00f3sz\u00edn\u0171bb, hogy a beteg \u00e1llapota javulni fog. Sajnos Szlov\u00e1ki\u00e1ban riaszt\u00f3an kev\u00e9s olyan eg\u00e9szs\u00e9g\u00fcgyi int\u00e9zm\u00e9ny l\u00e9tezik, amely k\u00e9pes intenz\u00edv neurorehabilit\u00e1ci\u00f3s kezel\u00e9st ny\u00fajtani. Az agyk\u00e1rosod\u00e1s jelent\u0151s hat\u00e1ssal lehet a mobilit\u00e1sra, az er\u0151re, a stabilit\u00e1sra, a koordin\u00e1ci\u00f3ra, a besz\u00e9dre, a mem\u00f3ri\u00e1ra, az \u00e9rz\u00e9kel\u00e9sre, a hangulatra \u00e9s m\u00e9g sok m\u00e1sra.<\/p>\n<p><strong>Mi a szakter\u00fclet\u00fcnk?<\/strong><\/p>\n<p>A Levita Klinika egy neurorehabilit\u00e1ci\u00f3s int\u00e9zm\u00e9ny, amely intenz\u00edv kezel\u00e9st ny\u00fajt j\u00e1r\u00f3beteg-ell\u00e1t\u00e1s form\u00e1j\u00e1ban. C\u00e9lja, hogy az emberek \u00e9let\u00e9be a lehet\u0151 leggyorsabban visszat\u00e9rjen a mozg\u00e1s, az \u00f6nell\u00e1t\u00e1s el\u00e9r\u00e9se \u00e9s a hozz\u00e1tartoz\u00f3k tehermentes\u00edt\u00e9se. A betegek kezel\u00e9se sor\u00e1n intenz\u00edv neurorehabilit\u00e1ci\u00f3t biztos\u00edt, a legmodernebb robottal t\u00e1mogatott rehabilit\u00e1ci\u00f3 \u00e9s a hagyom\u00e1nyos rehabilit\u00e1ci\u00f3s m\u00f3dszerek kombin\u00e1l\u00e1s\u00e1val. Az \u00edgy v\u00e1lasztott ter\u00e1pia jelent\u0151sen hozz\u00e1j\u00e1rul a pozit\u00edv eredm\u00e9nyek gyorsabb \u00e9s v\u00e9gleges el\u00e9r\u00e9s\u00e9hez.<\/p>\n","protected":false},"excerpt":{"rendered":"<p>Mi az a stroke? A test\u00fcnk t\u00f6bbi szerv\u00e9hez hasonl\u00f3an az agynak is elegend\u0151 oxig\u00e9nre van sz\u00fcks\u00e9ge ahhoz, hogy megfelel\u0151en \u00e9s zavartalanul m\u0171k\u00f6dj\u00f6n. A stroke, m\u00e1s n\u00e9ven agyv\u00e9rz\u00e9s olyan \u00e9letvesz\u00e9lyes \u00e1llapot, amelyet leggyakrabban egy \u00e9r elz\u00e1r\u00f3d\u00e1sa, az agyi art\u00e9ri\u00e1k besz\u0171k\u00fcl\u00e9se vagy a kett\u0151 kombin\u00e1ci\u00f3ja okoz. Az agysz\u00f6vet rendk\u00edv\u00fcl \u00e9rz\u00e9keny az oxig\u00e9nhi\u00e1nyra. Ha a v\u00e9rell\u00e1t\u00e1s korl\u00e1toz\u00f3dik vagy [&hellip;]<\/p>\n","protected":false},"author":3,"featured_media":713,"comment_status":"open","ping_status":"open","sticky":false,"template":"","format":"standard","meta":{"inline_featured_image":false,"footnotes":""},"categories":[5],"tags":[],"class_list":["post-742","post","type-post","status-publish","format-standard","has-post-thumbnail","hentry","category-a-hirek"],"acf":[],"_links":{"self":[{"href":"https:\/\/levitalehnice.sk\/hu\/wp-json\/wp\/v2\/posts\/742","targetHints":{"allow":["GET"]}}],"collection":[{"href":"https:\/\/levitalehnice.sk\/hu\/wp-json\/wp\/v2\/posts"}],"about":[{"href":"https:\/\/levitalehnice.sk\/hu\/wp-json\/wp\/v2\/types\/post"}],"author":[{"embeddable":true,"href":"https:\/\/levitalehnice.sk\/hu\/wp-json\/wp\/v2\/users\/3"}],"replies":[{"embeddable":true,"href":"https:\/\/levitalehnice.sk\/hu\/wp-json\/wp\/v2\/comments?post=742"}],"version-history":[{"count":0,"href":"https:\/\/levitalehnice.sk\/hu\/wp-json\/wp\/v2\/posts\/742\/revisions"}],"wp:featuredmedia":[{"embeddable":true,"href":"https:\/\/levitalehnice.sk\/hu\/wp-json\/wp\/v2\/media\/713"}],"wp:attachment":[{"href":"https:\/\/levitalehnice.sk\/hu\/wp-json\/wp\/v2\/media?parent=742"}],"wp:term":[{"taxonomy":"category","embeddable":true,"href":"https:\/\/levitalehnice.sk\/hu\/wp-json\/wp\/v2\/categories?post=742"},{"taxonomy":"post_tag","embeddable":true,"href":"https:\/\/levitalehnice.sk\/hu\/wp-json\/wp\/v2\/tags?post=742"}],"curies":[{"name":"wp","href":"https:\/\/api.w.org\/{rel}","templated":true}]}}